{"id":114,"count":19,"description":"<h1 data-start=\"308\" data-end=\"366\">\u0160\u00e1ly a \u0161\u00e1ly \u2013 \u0161t\u00fdlov\u00e9 doplnky pre ka\u017ed\u00e9 ro\u010dn\u00e9 obdobie<\/h1>\r\n<h2 data-start=\"368\" data-end=\"432\">Objavte m\u00f3du, ktor\u00e1 sp\u00e1ja eleganciu, pohodlie a funk\u010dnos\u0165<\/h2>\r\n<p data-start=\"434\" data-end=\"761\">\u0160\u00e1ly a \u0161\u00e1ly s\u00fa doplnky, ktor\u00e9 dok\u00e1\u017eu \u00faplne zmeni\u0165 ak\u00fdko\u013evek outfit. Poskytuj\u00fa nielen praktick\u00fa ochranu pred chladom, ale aj vyjadrenie osobn\u00e9ho \u0161t\u00fdlu a vkusu. Na\u0161a kolekcia obsahuje jemn\u00e9 hodv\u00e1bne \u0161atky, ide\u00e1lne na jar, a tepl\u00e9 vlnen\u00e9 \u0161\u00e1ly, ktor\u00e9 v\u00e1s zahalia v zimn\u00fdch d\u0148och.<\/p>\r\n\r\n<h3 data-start=\"763\" data-end=\"814\">Vysokokvalitn\u00e9 materi\u00e1ly a prec\u00edzne spracovanie<\/h3>\r\n<p data-start=\"816\" data-end=\"1170\">Ka\u017ed\u00e1 \u0161atka a \u0161\u00e1l v na\u0161ej kolekcii s\u00fa vyroben\u00e9 z najkvalitnej\u0161\u00edch materi\u00e1lov \u2013 od pr\u00edrodnej bavlny a visk\u00f3zy a\u017e po luxusn\u00fd ka\u0161m\u00edr a hodv\u00e1b. V\u010faka tomu s\u00fa m\u00e4kk\u00e9 na dotyk, odoln\u00e9 a zachov\u00e1vaj\u00fa si svoj vzh\u013ead aj po mnoh\u00fdch praniach. Zabezpe\u010dujeme, aby ka\u017ed\u00fd v\u00fdrobok kombinoval eleganciu s funk\u010dnos\u0165ou a zabezpe\u010doval pohodlie v ka\u017edej situ\u00e1cii.<\/p>\r\n\r\n<h4 data-start=\"1172\" data-end=\"1216\">\u0160atky \u2013 \u013eahkos\u0165 a nad\u010dasov\u00e9 \u010daro<\/h4>\r\n<p data-start=\"1218\" data-end=\"1595\">\u0160atky s\u00fa jedine\u010dn\u00fdm doplnkom, ktor\u00fd sa hod\u00ed do ka\u017ed\u00e9ho ro\u010dn\u00e9ho obdobia. M\u00f4\u017eete ich nosi\u0165 okolo krku, vo vlasoch, na kabelke alebo ako doplnok na z\u00e1p\u00e4stie. Ich v\u0161estrannos\u0165 a \u0161irok\u00e1 \u0161k\u00e1la vzorov z nich robia neoddelite\u013en\u00fa s\u00fa\u010das\u0165 v\u00e1\u0161ho \u0161t\u00fdlu. Pon\u00fakame klasick\u00e9 \u0161t\u00fdly v tlmen\u00fdch farb\u00e1ch aj modern\u00e9 dizajny, ktor\u00e9 dod\u00e1vaj\u00fa energiu a originalitu.<\/p>\r\n\r\n<h5 data-start=\"1597\" data-end=\"1642\">\u0160\u00e1ly \u2013 teplo a elegancia v jednom<\/h5>\r\n<p data-start=\"1644\" data-end=\"1977\">\u0160\u00e1ly s\u00fa nevyhnutnos\u0165ou v chladnej\u0161\u00edch d\u0148och. N\u00e1\u0161 v\u00fdber zah\u0155\u0148a \u0161irok\u00fd v\u00fdber \u0161t\u00fdlov \u2013 od \u013eahk\u00fdch, vzdu\u0161n\u00fdch a\u017e po hrub\u00e9, m\u00e4kk\u00e9 \u00faplety. Dokonale sa hodia ku kab\u00e1tom, bundam a svetrom a dodaj\u00fa v\u00e1\u0161mu outfitu charakter. V\u010faka r\u00f4znym text\u00faram a farb\u00e1m si m\u00f4\u017eete \u013eahko zladi\u0165 \u0161\u00e1l s n\u00e1ladou a pr\u00edle\u017eitos\u0165ou.<\/p>\r\n\r\n<h6 data-start=\"1979\" data-end=\"2024\">Mal\u00fd detail, ktor\u00fd dotv\u00e1ra celkov\u00fd vzh\u013ead<\/h6>\r\n<p data-start=\"2026\" data-end=\"2326\">\u0160atky a \u0161\u00e1ly nie s\u00fa len ochranou pred chladom \u2013 s\u00fa sp\u00f4sobom, ako sa vyjadri\u0165. Vyberte si vzor a farbu, ktor\u00e9 odr\u00e1\u017eaj\u00fa va\u0161u osobnos\u0165. \u010ci u\u017e uprednost\u0148ujete eleganciu, minimalizmus alebo umeleck\u00fa le\u017e\u00e9rnos\u0165, v na\u0161ej kolekcii n\u00e1jdete perfektn\u00fd doplnok, ktor\u00fd dopln\u00ed v\u00e1\u0161 \u0161t\u00fdl.<\/p>","link":"https:\/\/madelinefashion.pl\/sk\/czapki-dodatki\/chustki-szaliki\/","name":"\u0160\u00e1ly\/\u0160atky","slug":"chustki-szaliki","taxonomy":"product_cat","parent":86,"meta":[],"_links":{"self":[{"href":"https:\/\/madelinefashion.pl\/sk\/wp-json\/wp\/v2\/product_cat\/114","targetHints":{"allow":["GET"]}}],"collection":[{"href":"https:\/\/madelinefashion.pl\/sk\/wp-json\/wp\/v2\/product_cat"}],"about":[{"href":"https:\/\/madelinefashion.pl\/sk\/wp-json\/wp\/v2\/taxonomies\/product_cat"}],"up":[{"embeddable":true,"href":"https:\/\/madelinefashion.pl\/sk\/wp-json\/wp\/v2\/product_cat\/86"}],"wp:post_type":[{"href":"https:\/\/madelinefashion.pl\/sk\/wp-json\/wp\/v2\/product?product_cat=114"}],"curies":[{"name":"pracovn\u00fd list","href":"https:\/\/api.w.org\/{rel}","templated":true}]}}