{"id":118,"count":149,"description":"<h2 style=\"text-align: center\"><strong>D\u00e1mske kab\u00e1ty<\/strong><\/h2>\r\n<p style=\"text-align: justify\"><a href=\"https:\/\/madelinefashion.pl\/sk\/kurtki-i-plaszcze\/plaszcze\/\">D\u00e1msky kab\u00e1t<\/a> je nutnos\u0165ou v \u0161atn\u00edku ka\u017edej \u017eeny! Je dokonal\u00fdm doplnkom mnoh\u00fdch \u0161t\u00fdlov a \u010do je potrebn\u00e9 zd\u00f4razni\u0165 \u2013 nemus\u00ed sa pou\u017e\u00edva\u0165 len v chladnej\u0161\u00edch mesiacoch. V na\u0161ej ponuke n\u00e1jdete ve\u013ea <strong>kr\u00e1tky<\/strong> alebo <strong>dlh\u00fd<\/strong> d\u00e1mske kab\u00e1ty, ktor\u00e9 v\u010faka tenk\u00e9mu materi\u00e1lu m\u00f4\u017eu by\u0165 skvel\u00fdm doplnkom jarn\u00e9ho \u010di dokonca letn\u00e9ho stylingu. Samozrejme, hlavn\u00fa \u010das\u0165 na\u0161ej ponuky tvoria kab\u00e1ty <strong>jar<\/strong> a <strong>jese\u0148<\/strong>ktor\u00e9 s\u00fa nielen skvel\u00e9 pre viac <strong>elegantn\u00e9 \u0161t\u00fdly<\/strong>ale aj ve\u013emi tepl\u00e9. Poz\u00fdvame v\u00e1s spozna\u0165 cel\u00fa \u0161k\u00e1lu farieb na\u0161ich d\u00e1mskych kab\u00e1tov - ur\u010dite n\u00e1jdete svoj sen! Ako k\u00fapi\u0165 dokonal\u00fd d\u00e1msky kab\u00e1t? Neviete ako k\u00fapi\u0165 d\u00e1msky kab\u00e1t pre seba alebo pre svoju \u017eenu? Nie je to ni\u010d \u0165a\u017ek\u00e9! V\u0161etko, \u010do mus\u00edte urobi\u0165, je odpoveda\u0165 na nieko\u013eko z\u00e1kladn\u00fdch ot\u00e1zok a skontrolova\u0165 nieko\u013eko vec\u00ed:<\/p>\r\n\r\n<ul style=\"text-align: justify\">\r\n \t<li>\u010co <strong>farba srsti<\/strong> chce\u0161 nosi\u0165<\/li>\r\n \t<li>\u010co <strong>m\u00f3da<\/strong> M\u00e1te z\u00e1ujem o kab\u00e1t?<\/li>\r\n \t<li>Ak\u00e1 d\u013a\u017eka <strong>d\u00e1msky kab\u00e1t<\/strong> m\u00e1\u0161 z\u00e1ujem? V na\u0161ej ponuke n\u00e1jdete kr\u00e1tke aj dlh\u00e9 kab\u00e1ty<\/li>\r\n \t<li>\u00a0Zmerajte a porovnajte svoju ve\u013ekos\u0165 s tabu\u013ekou ve\u013ekost\u00ed na ka\u017edej strane kab\u00e1ta<\/li>\r\n \t<li>kresli\u0165 <strong>perfektn\u00fd kab\u00e1t<\/strong> na v\u00e1\u0161 typ tela<\/li>\r\n \t<li>\u00a0Skontrolujte, \u010di nepotrebujete in\u00e9 produkty, napr. <a href=\"https:\/\/madelinefashion.pl\/sk\/swetry\/\">d\u00e1mske svetre<\/a>ktor\u00e9 dotvoria v\u00e1\u0161 vysn\u00edvan\u00fd \u0161t\u00fdl Druhy d\u00e1mskych kab\u00e1tov v <a href=\"https:\/\/madelinefashion.pl\/sk\/\">MadelineFashion.pl<\/a><\/li>\r\n<\/ul>\r\n<p style=\"text-align: justify\">V na\u0161ej predajni n\u00e1jdete \u0161irok\u00fd v\u00fdber d\u00e1mskych kab\u00e1tov! Na\u0161a ponuka okrem in\u00e9ho zah\u0155\u0148a:<\/p>\r\n\r\n<ul style=\"text-align: justify\">\r\n \t<li><a href=\"https:\/\/madelinefashion.pl\/sk\/kurtki-i-plaszcze\/plaszcze\/plaszcze-krotkie\/\">Kr\u00e1tke kab\u00e1ty<\/a> \u2013 skvel\u00e9 na teplej\u0161ie mesiace, p\u00f4sob\u00ed ako doplnok<\/li>\r\n \t<li><a href=\"https:\/\/madelinefashion.pl\/sk\/kurtki-i-plaszcze\/plaszcze\/plaszcze-dlugie\/\">Dlh\u00e9 kab\u00e1ty<\/a> \u2013 maj\u00fa ve\u013emi univerz\u00e1lny charakter, daj\u00fa sa nosi\u0165 s mnoh\u00fdmi r\u00f4znymi \u0161t\u00fdlmi \u2013 perfektne sa hodia k elegantn\u00fdm \u0161tyliz\u00e1ci\u00e1m, ale hodia sa aj ako obal na vo\u013enej\u0161ie, \u0161portovej\u0161ie \u0161tyliz\u00e1cie<\/li>\r\n \t<li><a href=\"https:\/\/madelinefashion.pl\/sk\/kurtki-i-plaszcze\/plaszcze\/plaszcze-plus-size\/\">Kab\u00e1ty nadmernej ve\u013ekosti<\/a> \/ Oversize kab\u00e1ty - hit posledn\u00fdch mesiacov, ktor\u00fd volia nielen \u017eeny nosiace v\u00e4\u010d\u0161ie ve\u013ekosti, ale aj men\u0161ie \u010di \u0161t\u00edhlej\u0161ie d\u00e1my, \u010do vytv\u00e1ra ve\u013emi zauj\u00edmav\u00fd, zmyseln\u00fd efekt.<\/li>\r\n \t<li>Fl\u00edsov\u00e9 kab\u00e1ty - s\u00fa skuto\u010dn\u00fdm bestsellerom v ponuke <a href=\"https:\/\/madelinefashion.pl\/sk\/\">MadelineFashion<\/a>. pre\u010do? S\u00fa dokonalou kombin\u00e1ciou \u0161t\u00fdlu, elegancie a n\u00edzkej ceny. Mnoho na\u0161ich klientov si vyber\u00e1 p\u00e1perov\u00e9 kab\u00e1ty, preto\u017ee za cenu bavlnen\u00e9ho kab\u00e1tu si m\u00f4\u017eu k\u00fapi\u0165 nieko\u013eko r\u00f4znych modelov, v\u010faka \u010domu maj\u00fa ove\u013ea v\u00e4\u010d\u0161iu vo\u013enos\u0165 pri vytv\u00e1ran\u00ed r\u00f4znych \u0161t\u00fdlov!<\/li>\r\n<\/ul>\r\n<p style=\"text-align: center\"><\/p>","link":"https:\/\/madelinefashion.pl\/sk\/kurtki-i-plaszcze\/plaszcze\/","name":"D\u00e1mske kab\u00e1ty","slug":"plaszcze","taxonomy":"product_cat","parent":76,"meta":[],"_links":{"self":[{"href":"https:\/\/madelinefashion.pl\/sk\/wp-json\/wp\/v2\/product_cat\/118","targetHints":{"allow":["GET"]}}],"collection":[{"href":"https:\/\/madelinefashion.pl\/sk\/wp-json\/wp\/v2\/product_cat"}],"about":[{"href":"https:\/\/madelinefashion.pl\/sk\/wp-json\/wp\/v2\/taxonomies\/product_cat"}],"up":[{"embeddable":true,"href":"https:\/\/madelinefashion.pl\/sk\/wp-json\/wp\/v2\/product_cat\/76"}],"wp:post_type":[{"href":"https:\/\/madelinefashion.pl\/sk\/wp-json\/wp\/v2\/product?product_cat=118"}],"curies":[{"name":"pracovn\u00fd list","href":"https:\/\/api.w.org\/{rel}","templated":true}]}}