{"id":125,"count":833,"description":"<p align=\"justify\">\u0160aty a kombin\u00e9zy s\u00fa prvkom oble\u010denia, ktor\u00fd by mala ma\u0165 v \u0161atn\u00edku ka\u017ed\u00e1 \u017eena, aby zd\u00f4raznila kr\u00e1su a prednosti svojej postavy. Daj\u00fa sa nosi\u0165 ka\u017ed\u00fd de\u0148 aj na sviatky a v\u010faka \u0161irokej \u0161k\u00e1le farieb a \u0161t\u00fdlov si ka\u017ed\u00e1 d\u00e1ma n\u00e1jde ten prav\u00fd pre seba.<\/p>\r\n\r\n<h2 style=\"text-align: center\">D\u00e1mske \u0161aty<\/h2>\r\n<p align=\"justify\"><strong>\u0160aty<\/strong> s\u00fa pova\u017eovan\u00e9 za naj\u017eenskej\u0161\u00ed k\u00fasok oble\u010denia a mnoh\u00e9 \u017eeny si nevedia predstavi\u0165, \u017ee by mohli v \u0161atn\u00edku ch\u00fdba\u0165. D\u00f4le\u017eit\u00e9 je, \u017ee s\u00fa nato\u013eko univerz\u00e1lne, \u017ee sa daj\u00fa nosi\u0165 v r\u00f4znych \u0161t\u00fdloch a s mno\u017estvom doplnkov. Dostupn\u00e9 s\u00fa strihy, ktor\u00e9 opticky zo\u0161t\u00edh\u013euj\u00fa siluetu, maskuj\u00fa jej niektor\u00e9 partie, napr\u00edklad boky, alebo naopak zd\u00f4raz\u0148uj\u00fa prednosti, ktor\u00e9 n\u00e1m pr\u00edroda nadelila.<\/p>\r\n<p align=\"justify\">Ak h\u013ead\u00e1te dokonal\u00e9 \u0161aty pre seba - pozrite si ponuku v na\u0161om obchode a vyberte si vzor a farbu, ktor\u00e1 vyhovuje v\u00e1\u0161mu temperamentu. Alebo si mo\u017eno chcete obliec\u0165 overal a c\u00edti\u0165 sa pr\u00ed\u0165a\u017elivo v takomto vydan\u00ed? V obchode MadelineFashion.pl n\u00e1jdete \u0161irok\u00fd v\u00fdber overalov, ktor\u00e9 sa daj\u00fa nosi\u0165 ka\u017ed\u00fd de\u0148 a nielen.<\/p>\r\n\r\n<h3 style=\"text-align: center\">Druhy d\u00e1mskych \u0161iat<\/h3>\r\n<p align=\"justify\">Existuje nieko\u013eko druhov \u0161iat. Jedna z nich sa t\u00fdka dennej doby a pr\u00edle\u017eitosti, na ktor\u00fa si \u0161aty obliekame. A tak sa delia na:<\/p>\r\n\r\n<ul>\r\n \t<li><strong>denn\u00e9 \u0161aty<\/strong>ktor\u00fd by mal by\u0165 pohodln\u00fd a praktick\u00fd. V na\u0161ej predajni n\u00e1jdete \u0161irok\u00fd v\u00fdber tak\u00fdchto \u0161iat v r\u00f4znych farb\u00e1ch a strihoch - pod\u013ea postavy. <strong>Denn\u00e9 \u0161aty<\/strong> daj\u00fa sa nosi\u0165 do pr\u00e1ce, do \u0161koly, na prech\u00e1dzku a pod.. Niekedy maj\u00fa vo\u013en\u00fd strih a pripom\u00ednaj\u00fa napr. <a href=\"https:\/\/madelinefashion.pl\/sk\/koszula-w-krate-class-amarant\/\">ko\u0161e\u013ea s praktick\u00fdm zav\u00e4zovan\u00edm v p\u00e1se<\/a>,<\/li>\r\n \t<li><strong>ve\u010dern\u00e9 \u0161aty<\/strong>ktor\u00e9 s\u00fa ur\u010den\u00e9 na \u0161peci\u00e1lne pr\u00edle\u017eitosti, napr. ples, svadba a pod. S\u00fa vyroben\u00e9 z kvalitn\u00e9ho materi\u00e1lu a \u010dasto s ozdobami,<\/li>\r\n \t<li><strong>koktejlov\u00e9 \u0161aty<\/strong>ktor\u00e9 s\u00fa krat\u0161ou verziou spolo\u010densk\u00fdch \u0161iat a s\u00fa vhodn\u00e9 napr\u00edklad na rodinn\u00e9 oslavy alebo rande. Daj\u00fa sa zohna\u0165 v zauj\u00edmav\u00fdch farb\u00e1ch a s dekor\u00e1ciami napr. <a href=\"https:\/\/madelinefashion.pl\/sk\/sukienka-cekinowa-silver-daren-ii\/\">b\u00e9\u017eov\u00e9 \u0161aty s flitrami<\/a>.<\/li>\r\n<\/ul>\r\n<p align=\"justify\">Na druhej strane, pokia\u013e ide o strih \u0161iat, existuj\u00fa tak\u00e9 typy ako:<\/p>\r\n\r\n<ul>\r\n \t<li><strong>ko\u0161e\u013eov\u00e9 \u0161aty<\/strong>, teda pohodln\u00e9 \u0161aty nosen\u00e9 ka\u017ed\u00fd de\u0148, s vo\u013en\u00fdm strihom a opaskom v p\u00e1se;<\/li>\r\n \t<li><strong>princezn\u00e1<\/strong>, teda dokonal\u00e9 \u0161aty do kancel\u00e1rie, ktor\u00e9 maj\u00fa minimalistick\u00fd strih a d\u013a\u017eku nad kolen\u00e1;<\/li>\r\n \t<li><strong>Viano\u010dn\u00e9 gule<\/strong>, teda koktejlov\u00e9 \u0161aty, ktor\u00fdch vrchn\u00e1 \u010das\u0165 prilieha k telu a spodn\u00e1 je pred\u013a\u017een\u00e1;<\/li>\r\n \t<li><strong>tzv &quot;mal\u00fd \u010dierny&quot;<\/strong>, teda kr\u00e1tke \u0161aty po kolen\u00e1 alebo vzadu, v \u010diernej farbe;<\/li>\r\n \t<li><strong>\u0161aty &quot;morsk\u00e1 panna&quot; alebo &quot;ryba&quot;.<\/strong>, charakterizovan\u00e9 roz\u0161\u00edren\u00edm tesne nad kolen\u00e1;<\/li>\r\n \t<li><strong>emp\u00edrov\u00e9 \u0161aty<\/strong>ktor\u00e9 maj\u00fa vysok\u00fd p\u00e1s a \u010dasto ich nosia tehotn\u00e9 \u017eeny kv\u00f4li ich pohodliu.<\/li>\r\n<\/ul>\r\n<h3 style=\"text-align: center\">Ako si vybra\u0165 dokonal\u00e9 \u0161aty?<\/h3>\r\n<p align=\"justify\">Neexistuj\u00fa \u017eiadne univerz\u00e1lne \u0161aty, ktor\u00e9 by sa dali ozna\u010di\u0165 ako \u201edokonal\u00e9\u201c. Ka\u017ed\u00e1 \u017eena m\u00e1 svoj \u0161t\u00fdl a vie, v \u010dom sa c\u00edti najlep\u0161ie. D\u00f4le\u017eit\u00e9 je, aby \u0161aty sedeli k typu postavy, zd\u00f4raz\u0148ovali jej prednosti alebo zakr\u00fdvali niektor\u00e9 nedostatky. A predov\u0161etk\u00fdm je d\u00f4le\u017eit\u00e9, aby sa \u017eena, ktor\u00e1 ho nos\u00ed, c\u00edtila kr\u00e1sna bez oh\u013eadu na pr\u00edle\u017eitos\u0165. Rozumieme tomu a preto m\u00e1me v na\u0161ej predajni \u0161irok\u00fd sortiment \u0161iat a overalov v r\u00f4znych farb\u00e1ch a strihoch, aby si ka\u017ed\u00e1 d\u00e1ma na\u0161la to svoje dokonal\u00e9.<\/p>\r\n\r\n<h3 style=\"text-align: center\">\u0160irok\u00fd v\u00fdber \u0161iat na Madelinefashion.pl<\/h3>\r\n<p align=\"justify\">Ak h\u013ead\u00e1te \u0161aty alebo kombin\u00e9zu na ka\u017ed\u00fd de\u0148 alebo na d\u00f4le\u017eit\u00fd v\u00fdlet - pozrite si ponuku na\u0161ej predajne a vyberte si farbu a \u0161t\u00fdl, ktor\u00fd v\u00e1m najviac vyhovuje. Pon\u00fakame \u0161aty a kombin\u00e9zy za atrakt\u00edvne ceny a vyroben\u00e9 z kvalitn\u00e9ho materi\u00e1lu, ktor\u00fd dlho vydr\u017eia a umo\u017en\u00ed ka\u017edej \u017eene c\u00edti\u0165 sa kr\u00e1sne a jedine\u010dne ka\u017ed\u00fd de\u0148 a e\u0161te viac.<\/p>\r\n<p align=\"justify\">Poz\u00fdvame v\u00e1s aj do na\u0161ich \u010fal\u0161\u00edch kateg\u00f3ri\u00ed:<\/p>\r\n\r\n<ul>\r\n \t<li><a href=\"https:\/\/madelinefashion.pl\/sk\/sukienki-i-kombinezony\/sukienki-okolicznosciowe\/\">pr\u00edle\u017eitostn\u00e9 \u0161aty<\/a><\/li>\r\n \t<li><a href=\"https:\/\/madelinefashion.pl\/sk\/sukienki-i-kombinezony\/sukienki-sweterkowe\/\">svetrov\u00e9 \u0161aty<\/a><\/li>\r\n<\/ul>","link":"https:\/\/madelinefashion.pl\/sk\/sukienki-i-kombinezony\/sukienki\/","name":"\u0160aty","slug":"sukienki","taxonomy":"product_cat","parent":80,"meta":[],"_links":{"self":[{"href":"https:\/\/madelinefashion.pl\/sk\/wp-json\/wp\/v2\/product_cat\/125","targetHints":{"allow":["GET"]}}],"collection":[{"href":"https:\/\/madelinefashion.pl\/sk\/wp-json\/wp\/v2\/product_cat"}],"about":[{"href":"https:\/\/madelinefashion.pl\/sk\/wp-json\/wp\/v2\/taxonomies\/product_cat"}],"up":[{"embeddable":true,"href":"https:\/\/madelinefashion.pl\/sk\/wp-json\/wp\/v2\/product_cat\/80"}],"wp:post_type":[{"href":"https:\/\/madelinefashion.pl\/sk\/wp-json\/wp\/v2\/product?product_cat=125"}],"curies":[{"name":"pracovn\u00fd list","href":"https:\/\/api.w.org\/{rel}","templated":true}]}}