{"id":279,"count":193,"description":"<p align=\"justify\">Jar je obdob\u00edm, kedy sa oplat\u00ed odlo\u017ei\u0165 hrub\u00e9 nad\u00fdchan\u00e9 bundy a obliec\u0165 si ich <strong>pohodln\u00e9, \u013eahk\u00e9 kab\u00e1tiky<\/strong> a \u010fal\u0161ie prikr\u00fdvky, ktor\u00e9 s\u00fa ide\u00e1lne na prv\u00e9 teplej\u0161ie dni. Ak e\u0161te nem\u00e1te ide\u00e1lnu jarn\u00fa bundu alebo kab\u00e1t \u2013 pozrite si modely dostupn\u00e9 v na\u0161om obchode.<\/p>\r\n\r\n<h2 style=\"text-align: center\">Jarn\u00e9 kab\u00e1tiky<\/h2>\r\n<p align=\"justify\">Na jar je kab\u00e1t alebo bunda nevyhnutn\u00e1 na ochranu pred vetrom a da\u017e\u010fom. M\u00f4\u017eete si vybra\u0165 \u0161t\u00fdl, ktor\u00fd je z\u00e1rove\u0148 m\u00f3dny a elegantn\u00fd. T\u00fato sez\u00f3nu jednozna\u010dne ved\u00fa dlh\u00e9 kab\u00e1ty, ktor\u00e9 sa hodia k nohaviciam a sukniam. Ak e\u0161te \u017eiadny vo svojom \u0161atn\u00edku nem\u00e1te \u2013 pozrite si r\u00f4zne farby a \u0161t\u00fdly kab\u00e1tov dostupn\u00e9 v na\u0161om obchode. M\u00e1me tie, ktor\u00e9 odr\u00e1\u017eaj\u00fa najnov\u0161ie trendy a navrhujeme, ako ich nosi\u0165, aby ste sa c\u00edtili kr\u00e1sne a m\u00f3dne.<\/p>\r\n\r\n<h3 style=\"text-align: center\">Kab\u00e1ty ide\u00e1lne na jar 2023<\/h3>\r\n<p align=\"justify\">Tento rok s\u00fa v m\u00f3de najm\u00e4 \u013eahk\u00e9 vzdu\u0161n\u00e9 kab\u00e1ty, ktor\u00e9 opticky zo\u0161t\u00edh\u013euj\u00fa postavu a dod\u00e1vaj\u00fa \u013eahkos\u0165. Oplat\u00ed sa zvoli\u0165 niektor\u00fa z v\u00fdrazn\u00fdch farieb alebo stavi\u0165 na jemnos\u0165, napr. <a href=\"https:\/\/madelinefashion.pl\/sk\/plaszcz-blekitny-dlugi-z-flauszu\/\">Modr\u00e1<\/a>. Je to skuto\u010dn\u00fd hit tejto sez\u00f3ny!<\/p>\r\n<p align=\"justify\">Na m\u00f3dnych m\u00f3lach dominuj\u00fa aj pastelov\u00e9 farby kab\u00e1tov s d\u013a\u017ekou pod kolen\u00e1. Vyplat\u00ed sa vybera\u0165 najm\u00e4 tie z fleecu, ktor\u00fd zais\u0165uje m\u00e4kkos\u0165 a pohodlie ka\u017edodenn\u00e9ho nosenia, napr\u00edklad \u013eahk\u00e9, dostupn\u00e9 v na\u0161ej predajni, <a href=\"https:\/\/madelinefashion.pl\/sk\/plaszcz-rozowy-barbie-dlugi-z-flauszu\/\">ru\u017eov\u00fd dlh\u00fd kab\u00e1t<\/a>. Teraz si ho m\u00f4\u017eete k\u00fapi\u0165 za ove\u013ea ni\u017e\u0161iu cenu ako v ob\u013e\u00faben\u00fdch obchodn\u00fdch re\u0165azcoch, bez ob\u00e1v o kvalitu, preto\u017ee je vysok\u00e1 a kab\u00e1t v\u00e1m bude ur\u010dite sl\u00fa\u017ei\u0165 dlho.<\/p>\r\n\r\n<h3 style=\"text-align: center\">Ako si vybra\u0165 jarn\u00fd kab\u00e1t?<\/h3>\r\n<p align=\"justify\">Kab\u00e1t by mal zodpoveda\u0165 siluete a \u0161t\u00fdlu. Preto by ka\u017ed\u00e1 \u017eena mala uvies\u0165 svoje vlastn\u00e9 preferencie, pokia\u013e ide o v\u00fdber dokonal\u00e9ho. Ak chce napr\u00edklad zv\u00fdrazni\u0165 p\u00e1s a c\u00edti\u0165 sa \u017eensky, mala by zvoli\u0165 kab\u00e1t s viazan\u00edm v p\u00e1se, ktor\u00fd kr\u00e1sne sed\u00ed a v kombin\u00e1cii napr\u00edklad so suk\u0148ou a vysok\u00fdmi \u010di\u017emami opticky zo\u0161t\u00edh\u013euje postavu a dod\u00e1va \u013eahkos\u0165. . V tom pr\u00edpade odpor\u00fa\u010dame <a href=\"https:\/\/madelinefashion.pl\/sk\/plaszcz-ala-marynarka-z-paskiem-butelkowa-zielen\/\">kab\u00e1t vo verzii pripom\u00ednaj\u00facej sako a s opaskom vo v\u00fdrazn\u00fdch zelen\u00fdch farb\u00e1ch<\/a>. Zauj\u00edmavos\u0165ou je, \u017ee hitom tohtoro\u010dnej sez\u00f3ny s\u00fa aj dvojit\u00e9 gomb\u00edky v kab\u00e1te, ktor\u00fd sa do obchodov preniesol priamo z najv\u00e4\u010d\u0161\u00edch svetov\u00fdch m\u00f3dnych m\u00f3l. Ak sa teda chcete c\u00edti\u0165 ako p\u00f3diov\u00e1 hviezda - vyberte si tento model kab\u00e1ta.<\/p>\r\n<p align=\"justify\">Naopak pre \u017eeny, ktor\u00e9 si cenia ka\u017edodenn\u00e9 pohodlie a h\u013eadaj\u00fa kab\u00e1t do pr\u00e1ce alebo na in\u00fa pr\u00edle\u017eitos\u0165 - odpor\u00fa\u010dame vo\u013en\u00e9 p\u00e1perov\u00e9 kab\u00e1ty, ktor\u00e9 dobre padn\u00fa na ak\u00fdko\u013evek typ postavy a d\u013a\u017eka po kolen\u00e1 umo\u017e\u0148uje nosi\u0165 ich s nohavicami a sukne . T\u00fato jar sa oplat\u00ed zvoli\u0165 v\u00fdrazn\u00fa farbu, napr\u00edklad \u017elt\u00fa. <a href=\"https:\/\/madelinefashion.pl\/sk\/plaszcz-zolty-plus-size-z-flauszu\/\">siln\u00e1 \u017el\u010d<\/a> .<\/p>\r\n\r\n<h3 style=\"text-align: center\">Na ak\u00e9 pr\u00edle\u017eitosti a \u0161t\u00fdly sa hod\u00ed jarn\u00fd kab\u00e1t?<\/h3>\r\n<p align=\"justify\">Kab\u00e1ty dostupn\u00e9 v na\u0161ej predajni s\u00fa v nad\u010dasov\u00fdch prevedeniach a strihoch, a preto sa hodia ako na de\u0148, tak aj na v\u00e4\u010d\u0161ie pr\u00edle\u017eitosti. V podstate neexistuje styling, s ktor\u00fdm by ste ich nemohli nosi\u0165, preto\u017ee sa daj\u00fa nosi\u0165 otvoren\u00e9 aj zapnut\u00e9 \u2013 teda viac-menej ofici\u00e1lnym sp\u00f4sobom. O tom, \u010di bude styling p\u00f4sobi\u0165 le\u017e\u00e9rne, le\u017e\u00e9rne alebo elegantnej\u0161ie, \u010dasto rozhoduje aj v\u00fdber in\u00fdch \u010dast\u00ed oble\u010denia, ako je typ nohav\u00edc, ko\u0161ele \u010di svetra.<\/p>\r\n<p align=\"justify\">Ak teda h\u013ead\u00e1te dokonal\u00fd kab\u00e1t a chcete sa t\u00fato jar c\u00edti\u0165 kr\u00e1sne \u2013 pozrite si ponuku kab\u00e1tov v na\u0161om obchode a vyberte si ten ide\u00e1lny pre seba!<\/p>\r\n<p align=\"justify\">Odpor\u00fa\u010dame aj na\u0161e \u010fal\u0161ie kateg\u00f3rie kab\u00e1tov:<\/p>\r\n\r\n<ul>\r\n \t<li><a href=\"https:\/\/madelinefashion.pl\/sk\/kurtki-i-plaszcze\/plaszcze\/\">D\u00e1mske kab\u00e1ty<\/a><\/li>\r\n \t<li><a href=\"https:\/\/madelinefashion.pl\/sk\/kurtki-i-plaszcze\/plaszcze\/plaszcze-dlugie\/\">Dlh\u00e9 kab\u00e1ty<\/a><\/li>\r\n \t<li><a href=\"https:\/\/madelinefashion.pl\/sk\/kurtki-i-plaszcze\/plaszcze\/plaszcze-krotkie\/\">Kr\u00e1tke kab\u00e1ty<\/a><\/li>\r\n \t<li><a href=\"https:\/\/madelinefashion.pl\/sk\/kurtki-i-plaszcze\/plaszcze\/plaszcze-plus-size\/\">Nadrozmern\u00e9\/nadrozmern\u00e9 kab\u00e1ty<\/a><\/li>\r\n \t<li><a href=\"https:\/\/madelinefashion.pl\/sk\/kurtki-i-plaszcze\/kurtki\/\">D\u00e1mske bundy<\/a><\/li>\r\n \t<li><a href=\"https:\/\/madelinefashion.pl\/sk\/product-tag\/ramoneski\/\">D\u00e1mske Ramones<\/a><\/li>\r\n<\/ul>","link":"https:\/\/madelinefashion.pl\/sk\/kurtki-i-plaszcze\/plaszcze-wiosenne\/","name":"Jarn\u00e9 kab\u00e1ty","slug":"plaszcze-wiosenne","taxonomy":"product_cat","parent":76,"meta":[],"_links":{"self":[{"href":"https:\/\/madelinefashion.pl\/sk\/wp-json\/wp\/v2\/product_cat\/279","targetHints":{"allow":["GET"]}}],"collection":[{"href":"https:\/\/madelinefashion.pl\/sk\/wp-json\/wp\/v2\/product_cat"}],"about":[{"href":"https:\/\/madelinefashion.pl\/sk\/wp-json\/wp\/v2\/taxonomies\/product_cat"}],"up":[{"embeddable":true,"href":"https:\/\/madelinefashion.pl\/sk\/wp-json\/wp\/v2\/product_cat\/76"}],"wp:post_type":[{"href":"https:\/\/madelinefashion.pl\/sk\/wp-json\/wp\/v2\/product?product_cat=279"}],"curies":[{"name":"pracovn\u00fd list","href":"https:\/\/api.w.org\/{rel}","templated":true}]}}