{"id":78,"count":288,"description":"<h1 data-start=\"140\" data-end=\"191\">D\u00e1mske svetre \u2013 m\u00f3dne, pohodln\u00e9 a nad\u010dasov\u00e9<\/h1>\r\n<p data-start=\"193\" data-end=\"571\"><strong data-start=\"193\" data-end=\"211\">D\u00e1mske svetre<\/strong> S\u00fa nevyhnutnou s\u00fa\u010das\u0165ou \u0161atn\u00edka, ktor\u00e1 sa perfektne hod\u00ed na ka\u017ed\u00e9 ro\u010dn\u00e9 obdobie. Kombinuj\u00fa pohodlie, teplo a \u0161t\u00fdl, v\u010faka \u010domu s\u00fa ob\u013e\u00faben\u00e9 u \u017eien v\u0161etk\u00fdch vekov\u00fdch kateg\u00f3ri\u00ed. Na\u0161a kolekcia pon\u00faka \u0161irok\u00fd v\u00fdber \u0161t\u00fdlov a vzorov, ktor\u00e9 v\u00e1m umo\u017e\u0148uj\u00fa vytvori\u0165 si le\u017e\u00e9rne aj elegantn\u00e9 outfity.<\/p>\r\n\r\n<h2 data-start=\"573\" data-end=\"599\">Swetry - r\u00f3\u017cnorodno\u015b\u0107 fason\u00f3w<\/h2>\r\n<p data-start=\"600\" data-end=\"1076\">V kateg\u00f3rii <strong data-start=\"612\" data-end=\"630\">d\u00e1mske svetre<\/strong> Pripravili sme k\u00fasky na ka\u017ed\u00fa pr\u00edle\u017eitos\u0165 \u2013 od klasick\u00fdch kardiganov na gomb\u00edky, cez m\u00f3dne oversized strihy, a\u017e po elegantn\u00e9 svetre s v\u00fdstrihom do V. Pon\u00fakame \u013eahk\u00e9 \u0161t\u00fdly ide\u00e1lne na jar a leto, ako aj tepl\u00e9, hrub\u00e9 vlnen\u00e9 alebo pleten\u00e9 svetre ide\u00e1lne na chladnej\u0161ie dni. Pre \u017eeny, ktor\u00e9 si cenia modern\u00fd \u0161t\u00fdl, m\u00e1me m\u00f3dne rol\u00e1ky, svetre s kapuc\u0148ou a skr\u00e1ten\u00e9 svetre, ktor\u00e9 sa perfektne hodia k d\u017e\u00ednsom a sukniam.<\/p>\r\n\r\n<h3 data-start=\"1078\" data-end=\"1100\">Pohodlie a kvalita<\/h3>\r\n<p data-start=\"1101\" data-end=\"1467\">Ka\u017ed\u00fd z na\u0161ich svetrov je vyroben\u00fd z vysoko kvalitn\u00fdch materi\u00e1lov \u2013 bavlny, vlny, akrylu alebo visk\u00f3zy \u2013 ktor\u00e9 zaru\u010duj\u00fa pohodlie a odolnos\u0165. To znamen\u00e1, \u017ee na\u0161e svetre nielen skvele vyzeraj\u00fa, ale si zachov\u00e1vaj\u00fa svoj tvar a farbu aj po mnoh\u00fdch praniach. M\u00e4kk\u00e9 a na dotyk pr\u00edjemn\u00e9 l\u00e1tky robia z nosenia na\u0161ich svetrov \u010dist\u00fd p\u00f4\u017eitok.<\/p>\r\n\r\n<h4 data-start=\"1469\" data-end=\"1497\">Svetre na ka\u017ed\u00fa pr\u00edle\u017eitos\u0165<\/h4>\r\n<p data-start=\"1498\" data-end=\"1835\">Sveter je v\u0161estrann\u00fd z\u00e1kladn\u00fd k\u00fasok \u0161atn\u00edka, ide\u00e1lny na r\u00f4zne pr\u00edle\u017eitosti. V chladnej\u0161\u00edch d\u0148och si m\u00f4\u017eete zvoli\u0165 tepl\u00fd rol\u00e1k, do pr\u00e1ce elegantn\u00fd kardigan a na ve\u010dern\u00fd v\u00fdlet \u0161t\u00fdlov\u00fd sveter so zauj\u00edmav\u00fdmi ozdobami. V\u010faka rozmanitosti vzorov a farieb si ka\u017ed\u00e1 \u017eena n\u00e1jde \u0161t\u00fdl, ktor\u00fd vyhovuje jej \u0161t\u00fdlu a pr\u00edle\u017eitosti.<\/p>\r\n\r\n<h5 data-start=\"1837\" data-end=\"1886\">Pre\u010do si vybra\u0165 na\u0161e d\u00e1mske svetre?<\/h5>\r\n<p data-start=\"1887\" data-end=\"2230\">Zameriavame sa na m\u00f3dny dizajn, vysok\u00fa kvalitu a rozmanitos\u0165 \u0161t\u00fdlov. \u010ci u\u017e h\u013ead\u00e1te pohodln\u00fd sveter na ka\u017edodenn\u00e9 nosenie alebo elegantn\u00fd model na \u0161peci\u00e1lne pr\u00edle\u017eitosti, v na\u0161ej kolekcii si n\u00e1jdete to svoje. <strong data-start=\"2116\" data-end=\"2134\">D\u00e1mske svetre<\/strong> je perfektnou vo\u013ebou pre \u017eeny, ktor\u00e9 chc\u00fa vyzera\u0165 \u0161t\u00fdlovo a z\u00e1rove\u0148 sa c\u00edti\u0165 pohodlne.<\/p>","link":"https:\/\/madelinefashion.pl\/sk\/swetry\/swetry-damskie\/","name":"D\u00e1mske svetre","slug":"swetry-damskie","taxonomy":"product_cat","parent":90,"meta":[],"_links":{"self":[{"href":"https:\/\/madelinefashion.pl\/sk\/wp-json\/wp\/v2\/product_cat\/78","targetHints":{"allow":["GET"]}}],"collection":[{"href":"https:\/\/madelinefashion.pl\/sk\/wp-json\/wp\/v2\/product_cat"}],"about":[{"href":"https:\/\/madelinefashion.pl\/sk\/wp-json\/wp\/v2\/taxonomies\/product_cat"}],"up":[{"embeddable":true,"href":"https:\/\/madelinefashion.pl\/sk\/wp-json\/wp\/v2\/product_cat\/90"}],"wp:post_type":[{"href":"https:\/\/madelinefashion.pl\/sk\/wp-json\/wp\/v2\/product?product_cat=78"}],"curies":[{"name":"pracovn\u00fd list","href":"https:\/\/api.w.org\/{rel}","templated":true}]}}