{"id":90,"count":75,"description":"<h2 style=\"text-align: center\">D\u00e1mske svetre<\/h2>\r\n<p style=\"text-align: justify\">\u010co m\u00f4\u017ee by\u0165 kraj\u0161ie ako to <strong>tepl\u00fd, nad\u00fdchan\u00fd sveter<\/strong> alebo mikinu? Pr\u00edjemn\u00fd materi\u00e1l, kvalitn\u00e9 spracovanie a skvel\u00e9 ceny. Ka\u017ed\u00e1 z n\u00e1s chce by\u0165 predsa zvodn\u00e1 a kr\u00e1sna a z\u00e1rove\u0148 <strong>C\u00ed\u0165 sa pohodlne<\/strong>. Len \u010do pr\u00eddu chladn\u00e9 dni, ka\u017ed\u00fd z n\u00e1s by najrad\u0161ej zostal doma \u2013 uvarte si hor\u00facu \u010dokol\u00e1du a pre\u010d\u00edtajte si svoju ob\u013e\u00faben\u00fa knihu alebo si pozrite svoj ob\u013e\u00faben\u00fd film. \u017dia\u013e, \u017eivot nie je tak\u00fd farebn\u00fd a my za\u010d\u00edname h\u013eada\u0165 koncom leta, za\u010diatkom jesene <strong>tepl\u00e9 oble\u010denie<\/strong> v ktor\u00fdch pre\u017eijeme chladn\u00e9 dni \u2013 preto sp\u013a\u0148ame o\u010dak\u00e1vania a pon\u00fakame oboje <strong>dlh\u00e9 a kr\u00e1tke modely svetrov<\/strong>.<\/p>\r\n<p style=\"text-align: justify\">Ka\u017ed\u00fd m\u00e1me svoj ob\u013e\u00faben\u00fd typ <strong>sveter<\/strong>, mikiny - pon\u00fakame typick\u00e9 modely <strong>nadrozmern\u00e9<\/strong> ako aj tieto <strong>vybaven\u00e9, zd\u00f4raz\u0148uj\u00face postavu<\/strong>. Radi nos\u00edme <strong>svetre<\/strong>ktor\u00e9 n\u00e1s \u010doraz \u010dastej\u0161ie sprev\u00e1dzaj\u00fa v r\u00f4znych \u0161tyliz\u00e1ci\u00e1ch. Obliekame si ich ka\u017ed\u00fd de\u0148 do pr\u00e1ce, do mesta, na n\u00e1kupy \u010di stretnutia s priate\u013emi \u2013 doslova v\u0161ade! V\u0161etko preto, \u017ee s\u00fa mimoriadne pohodln\u00e9 a praktick\u00e9 a navy\u0161e dokonale zodpovedaj\u00fa aktu\u00e1lnym m\u00f3dnym trendom.<\/p>\r\n<p style=\"text-align: justify\">V e-shope n\u00e1jdeme tis\u00edce modelov \u2013 od kr\u00e1tkych topov a\u017e po dlh\u0161ie, pripom\u00ednaj\u00face tuniky. Skvele vyzeraj\u00fa v kombin\u00e1cii s elegantnou suk\u0148ou, ako aj s d\u00e1mskymi d\u017e\u00ednsami \u010di ko\u017een\u00fdmi nohavicami. Nos\u00edme ho st\u00e1le viac <strong>d\u00e1mske svetre <\/strong>nielen na jese\u0148 \u010di v zime, ale aj na chladnej\u0161ie sviato\u010dn\u00e9 ve\u010dery, napr\u00edklad s klasick\u00fdmi d\u017e\u00ednsov\u00fdmi \u0161ortkami.<\/p>\r\n<p style=\"text-align: justify\">Nevie\u0161 <strong>ako k\u00fapi\u0165 sveter<\/strong> ak <strong>d\u00e1mska bl\u00fazka<\/strong> pre seba alebo pre svoju \u017eenu? Nie je to ni\u010d \u0165a\u017ek\u00e9! V\u0161etko, \u010do mus\u00edte urobi\u0165, je odpoveda\u0165 na nieko\u013eko z\u00e1kladn\u00fdch ot\u00e1zok a skontrolova\u0165 nieko\u013eko vec\u00ed:<\/p>\r\n\r\n<ul style=\"text-align: justify\">\r\n \t<li>\u010co <strong>farba svetra\/mikiny<\/strong> chce\u0161 nosi\u0165<\/li>\r\n \t<li>\u010co <strong>\u0161t\u00fdl svetra \/ mikiny<\/strong> m\u00e1\u0161 z\u00e1ujem?<\/li>\r\n \t<li>\u010co <strong>d\u013a\u017eka svetra \/ mikiny<\/strong> m\u00e1\u0161 z\u00e1ujem? V na\u0161ej ponuke n\u00e1jdete oboje <strong>kr\u00e1tke svetre<\/strong> \u010do <strong>dlh\u00e9 kardigany<\/strong><\/li>\r\n \t<li>zmerajte sa a <strong>porovnaj svoju ve\u013ekos\u0165<\/strong> s tabu\u013ekou ve\u013ekost\u00ed na ka\u017edej str\u00e1nke produktu<\/li>\r\n \t<li>kresli\u0165 <strong>Perfektn\u00fd sveter pre v\u00e1\u0161 typ postavy<\/strong><\/li>\r\n \t<li>Skontrolujte, \u010di nepotrebujete \u010fal\u0161ie produkty, ktor\u00e9 dotvoria v\u00e1\u0161 vysn\u00edvan\u00fd styling<\/li>\r\n<\/ul>","link":"https:\/\/madelinefashion.pl\/sk\/swetry\/","name":"D\u00e1mske svetre","slug":"swetry","taxonomy":"product_cat","parent":0,"meta":[],"_links":{"self":[{"href":"https:\/\/madelinefashion.pl\/sk\/wp-json\/wp\/v2\/product_cat\/90","targetHints":{"allow":["GET"]}}],"collection":[{"href":"https:\/\/madelinefashion.pl\/sk\/wp-json\/wp\/v2\/product_cat"}],"about":[{"href":"https:\/\/madelinefashion.pl\/sk\/wp-json\/wp\/v2\/taxonomies\/product_cat"}],"wp:post_type":[{"href":"https:\/\/madelinefashion.pl\/sk\/wp-json\/wp\/v2\/product?product_cat=90"}],"curies":[{"name":"pracovn\u00fd list","href":"https:\/\/api.w.org\/{rel}","templated":true}]}}